{"id":3030,"date":"2018-06-18T23:59:00","date_gmt":"2018-06-18T21:59:00","guid":{"rendered":"http:\/\/192.168.0.4\/wordpress\/?p=3030"},"modified":"2024-03-26T20:12:32","modified_gmt":"2024-03-26T19:12:32","slug":"springbock","status":"publish","type":"post","link":"https:\/\/archiv.familie-meesters.de\/wordpress\/2018\/06\/18\/springbock\/","title":{"rendered":"Springbock"},"content":{"rendered":"\n<p>Servieren Sie das Bier bei einer Temperatur von 8 bis 10 Grad Celsius und lassen sie das Bier im freien Fall in das Glas laufen. So entsteht der f\u00fcr dieses Bier charakteristische, feinporige und gut haltbare Schaum.<\/p>\n\n\n\n<p>Dieses w\u00fcrzige Schwarzbier duftet hopfenaromatisch sowohl holzig (Barrique, Tabak und Muskatnuss \u2013 dominierend) als auch blumig, nach gr\u00fcnen Kr\u00e4utern (Waldmeister, Melisse und Bergamotte \u2013 erg\u00e4nzend).&nbsp;Das starke Aroma wird durch einen leichten, s\u00fc\u00dfen Wohlgeruch nach Sahnekaramell und frischen Fr\u00fcchten abgerundet.<\/p>\n\n\n\n<p>Mit ein wenig \u00dcbung k\u00f6nnen Sie drei Phasen der Geschmacksempfindung unterscheiden lernen. Der Antrunk beschreibt sich bei diesem Bier besonders vollmundig, die Resenz verschwiegen still und der Nachtrunk leicht bitter.<\/p>\n","protected":false},"excerpt":{"rendered":"<p>Das starke Aroma wird durch einen leichten, s\u00fc\u00dfen Wohlgeruch nach Sahnekaramell und frischen Fr\u00fcchten abgerundet.<\/p>\n","protected":false},"author":1,"featured_media":0,"comment_status":"open","ping_status":"open","sticky":false,"template":"","format":"standard","meta":{"footnotes":""},"categories":[11],"tags":[675,688,681,687,663,692,684,668,680,667,685,673,683,677,676,690,679,682,691,686,689],"class_list":["post-3030","post","type-post","status-publish","format-standard","hentry","category-hausbrauerei","tag-antrunk","tag-aroma","tag-barrique","tag-bergamotte","tag-bier","tag-bitter","tag-blumig","tag-fruechte","tag-holzig","tag-hopfen","tag-kraeuter","tag-melisse","tag-muskatnuss","tag-nachtrunk","tag-resenz","tag-sahnekaramell","tag-schwarzbier","tag-tabak","tag-vollmundig","tag-waldmeister","tag-wohlgeruch"],"yoast_head":"<!-- This site is optimized with the Yoast SEO plugin v27.5 - https:\/\/yoast.com\/product\/yoast-seo-wordpress\/ -->\n<title>Springbock - Archiv Meesters<\/title>\n<meta name=\"description\" content=\"Das starke Aroma wird durch einen leichten, s\u00fc\u00dfen Wohlgeruch nach Sahnekaramell und frischen Fr\u00fcchten abgerundet.\" \/>\n<meta name=\"robots\" content=\"index, follow, max-snippet:-1, max-image-preview:large, max-video-preview:-1\" \/>\n<link rel=\"canonical\" href=\"https:\/\/archiv.familie-meesters.de\/wordpress\/2018\/06\/18\/springbock\/\" \/>\n<meta property=\"og:locale\" content=\"de_DE\" \/>\n<meta property=\"og:type\" content=\"article\" \/>\n<meta property=\"og:title\" content=\"Springbock - Archiv Meesters\" \/>\n<meta property=\"og:description\" content=\"Das starke Aroma wird durch einen leichten, s\u00fc\u00dfen Wohlgeruch nach Sahnekaramell und frischen Fr\u00fcchten abgerundet.\" \/>\n<meta property=\"og:url\" content=\"https:\/\/archiv.familie-meesters.de\/wordpress\/2018\/06\/18\/springbock\/\" \/>\n<meta property=\"og:site_name\" content=\"Archiv Meesters\" \/>\n<meta property=\"article:publisher\" content=\"https:\/\/www.facebook.com\/diemeesters\/\" \/>\n<meta property=\"article:published_time\" content=\"2018-06-18T21:59:00+00:00\" \/>\n<meta property=\"article:modified_time\" content=\"2024-03-26T19:12:32+00:00\" \/>\n<meta property=\"og:image\" content=\"https:\/\/archiv.familie-meesters.de\/wordpress\/wp-content\/uploads\/2018\/06\/Springbock-1024x576.png\" \/>\n\t<meta property=\"og:image:width\" content=\"1024\" \/>\n\t<meta property=\"og:image:height\" content=\"576\" \/>\n\t<meta property=\"og:image:type\" content=\"image\/png\" \/>\n<meta name=\"author\" content=\"Christian Meesters\" \/>\n<meta name=\"twitter:card\" content=\"summary_large_image\" \/>\n<meta name=\"twitter:title\" content=\"Springbock - Archiv Meesters\" \/>\n<meta name=\"twitter:description\" content=\"Das starke Aroma wird durch einen leichten, s\u00fc\u00dfen Wohlgeruch nach Sahnekaramell und frischen Fr\u00fcchten abgerundet.\" \/>\n<meta name=\"twitter:label1\" content=\"Verfasst von\" \/>\n\t<meta name=\"twitter:data1\" content=\"Christian Meesters\" \/>\n\t<meta name=\"twitter:label2\" content=\"Gesch\u00e4tzte Lesezeit\" \/>\n\t<meta name=\"twitter:data2\" content=\"1\u00a0Minute\" \/>\n<script type=\"application\/ld+json\" class=\"yoast-schema-graph\">{\"@context\":\"https:\\\/\\\/schema.org\",\"@graph\":[{\"@type\":\"Article\",\"@id\":\"https:\\\/\\\/archiv.familie-meesters.de\\\/wordpress\\\/2018\\\/06\\\/18\\\/springbock\\\/#article\",\"isPartOf\":{\"@id\":\"https:\\\/\\\/archiv.familie-meesters.de\\\/wordpress\\\/2018\\\/06\\\/18\\\/springbock\\\/\"},\"author\":{\"name\":\"Christian Meesters\",\"@id\":\"https:\\\/\\\/archiv.familie-meesters.de\\\/wordpress\\\/#\\\/schema\\\/person\\\/86887f89b09f3f3ba39b2753f896b45f\"},\"headline\":\"Springbock\",\"datePublished\":\"2018-06-18T21:59:00+00:00\",\"dateModified\":\"2024-03-26T19:12:32+00:00\",\"mainEntityOfPage\":{\"@id\":\"https:\\\/\\\/archiv.familie-meesters.de\\\/wordpress\\\/2018\\\/06\\\/18\\\/springbock\\\/\"},\"wordCount\":113,\"commentCount\":0,\"keywords\":[\"Antrunk\",\"Aroma\",\"Barrique\",\"Bergamotte\",\"Bier\",\"bitter\",\"blumig\",\"Fr\u00fcchte\",\"holzig\",\"Hopfen\",\"Kr\u00e4uter\",\"Melisse\",\"Muskatnuss\",\"Nachtrunk\",\"Resenz\",\"Sahnekaramell\",\"Schwarzbier\",\"Tabak\",\"vollmundig\",\"Waldmeister\",\"Wohlgeruch\"],\"articleSection\":[\"Hausbrauerei\"],\"inLanguage\":\"de\",\"potentialAction\":[{\"@type\":\"CommentAction\",\"name\":\"Comment\",\"target\":[\"https:\\\/\\\/archiv.familie-meesters.de\\\/wordpress\\\/2018\\\/06\\\/18\\\/springbock\\\/#respond\"]}]},{\"@type\":\"WebPage\",\"@id\":\"https:\\\/\\\/archiv.familie-meesters.de\\\/wordpress\\\/2018\\\/06\\\/18\\\/springbock\\\/\",\"url\":\"https:\\\/\\\/archiv.familie-meesters.de\\\/wordpress\\\/2018\\\/06\\\/18\\\/springbock\\\/\",\"name\":\"Springbock - Archiv Meesters\",\"isPartOf\":{\"@id\":\"https:\\\/\\\/archiv.familie-meesters.de\\\/wordpress\\\/#website\"},\"datePublished\":\"2018-06-18T21:59:00+00:00\",\"dateModified\":\"2024-03-26T19:12:32+00:00\",\"author\":{\"@id\":\"https:\\\/\\\/archiv.familie-meesters.de\\\/wordpress\\\/#\\\/schema\\\/person\\\/86887f89b09f3f3ba39b2753f896b45f\"},\"description\":\"Das starke Aroma wird durch einen leichten, s\u00fc\u00dfen Wohlgeruch nach Sahnekaramell und frischen Fr\u00fcchten abgerundet.\",\"breadcrumb\":{\"@id\":\"https:\\\/\\\/archiv.familie-meesters.de\\\/wordpress\\\/2018\\\/06\\\/18\\\/springbock\\\/#breadcrumb\"},\"inLanguage\":\"de\",\"potentialAction\":[{\"@type\":\"ReadAction\",\"target\":[\"https:\\\/\\\/archiv.familie-meesters.de\\\/wordpress\\\/2018\\\/06\\\/18\\\/springbock\\\/\"]}]},{\"@type\":\"BreadcrumbList\",\"@id\":\"https:\\\/\\\/archiv.familie-meesters.de\\\/wordpress\\\/2018\\\/06\\\/18\\\/springbock\\\/#breadcrumb\",\"itemListElement\":[{\"@type\":\"ListItem\",\"position\":1,\"name\":\"Startseite\",\"item\":\"https:\\\/\\\/archiv.familie-meesters.de\\\/wordpress\\\/\"},{\"@type\":\"ListItem\",\"position\":2,\"name\":\"Springbock\"}]},{\"@type\":\"WebSite\",\"@id\":\"https:\\\/\\\/archiv.familie-meesters.de\\\/wordpress\\\/#website\",\"url\":\"https:\\\/\\\/archiv.familie-meesters.de\\\/wordpress\\\/\",\"name\":\"Archiv Meesters\",\"description\":\"Archiv der Familie Meesters\",\"potentialAction\":[{\"@type\":\"SearchAction\",\"target\":{\"@type\":\"EntryPoint\",\"urlTemplate\":\"https:\\\/\\\/archiv.familie-meesters.de\\\/wordpress\\\/?s={search_term_string}\"},\"query-input\":{\"@type\":\"PropertyValueSpecification\",\"valueRequired\":true,\"valueName\":\"search_term_string\"}}],\"inLanguage\":\"de\"},{\"@type\":\"Person\",\"@id\":\"https:\\\/\\\/archiv.familie-meesters.de\\\/wordpress\\\/#\\\/schema\\\/person\\\/86887f89b09f3f3ba39b2753f896b45f\",\"name\":\"Christian Meesters\",\"image\":{\"@type\":\"ImageObject\",\"inLanguage\":\"de\",\"@id\":\"https:\\\/\\\/secure.gravatar.com\\\/avatar\\\/a5429fc6f8ac1625a48e019c80ea2e2e2615c600bb78b923d9751c59dcba414f?s=96&d=mm&r=g\",\"url\":\"https:\\\/\\\/secure.gravatar.com\\\/avatar\\\/a5429fc6f8ac1625a48e019c80ea2e2e2615c600bb78b923d9751c59dcba414f?s=96&d=mm&r=g\",\"contentUrl\":\"https:\\\/\\\/secure.gravatar.com\\\/avatar\\\/a5429fc6f8ac1625a48e019c80ea2e2e2615c600bb78b923d9751c59dcba414f?s=96&d=mm&r=g\",\"caption\":\"Christian Meesters\"},\"sameAs\":[\"http:\\\/\\\/192.168.0.4\\\/wordpress\"],\"url\":\"https:\\\/\\\/archiv.familie-meesters.de\\\/wordpress\\\/author\\\/christian-meesters\\\/\"}]}<\/script>\n<!-- \/ Yoast SEO plugin. -->","yoast_head_json":{"title":"Springbock - Archiv Meesters","description":"Das starke Aroma wird durch einen leichten, s\u00fc\u00dfen Wohlgeruch nach Sahnekaramell und frischen Fr\u00fcchten abgerundet.","robots":{"index":"index","follow":"follow","max-snippet":"max-snippet:-1","max-image-preview":"max-image-preview:large","max-video-preview":"max-video-preview:-1"},"canonical":"https:\/\/archiv.familie-meesters.de\/wordpress\/2018\/06\/18\/springbock\/","og_locale":"de_DE","og_type":"article","og_title":"Springbock - Archiv Meesters","og_description":"Das starke Aroma wird durch einen leichten, s\u00fc\u00dfen Wohlgeruch nach Sahnekaramell und frischen Fr\u00fcchten abgerundet.","og_url":"https:\/\/archiv.familie-meesters.de\/wordpress\/2018\/06\/18\/springbock\/","og_site_name":"Archiv Meesters","article_publisher":"https:\/\/www.facebook.com\/diemeesters\/","article_published_time":"2018-06-18T21:59:00+00:00","article_modified_time":"2024-03-26T19:12:32+00:00","og_image":[{"width":1024,"height":576,"url":"https:\/\/archiv.familie-meesters.de\/wordpress\/wp-content\/uploads\/2018\/06\/Springbock-1024x576.png","type":"image\/png"}],"author":"Christian Meesters","twitter_card":"summary_large_image","twitter_title":"Springbock - Archiv Meesters","twitter_description":"Das starke Aroma wird durch einen leichten, s\u00fc\u00dfen Wohlgeruch nach Sahnekaramell und frischen Fr\u00fcchten abgerundet.","twitter_misc":{"Verfasst von":"Christian Meesters","Gesch\u00e4tzte Lesezeit":"1\u00a0Minute"},"schema":{"@context":"https:\/\/schema.org","@graph":[{"@type":"Article","@id":"https:\/\/archiv.familie-meesters.de\/wordpress\/2018\/06\/18\/springbock\/#article","isPartOf":{"@id":"https:\/\/archiv.familie-meesters.de\/wordpress\/2018\/06\/18\/springbock\/"},"author":{"name":"Christian Meesters","@id":"https:\/\/archiv.familie-meesters.de\/wordpress\/#\/schema\/person\/86887f89b09f3f3ba39b2753f896b45f"},"headline":"Springbock","datePublished":"2018-06-18T21:59:00+00:00","dateModified":"2024-03-26T19:12:32+00:00","mainEntityOfPage":{"@id":"https:\/\/archiv.familie-meesters.de\/wordpress\/2018\/06\/18\/springbock\/"},"wordCount":113,"commentCount":0,"keywords":["Antrunk","Aroma","Barrique","Bergamotte","Bier","bitter","blumig","Fr\u00fcchte","holzig","Hopfen","Kr\u00e4uter","Melisse","Muskatnuss","Nachtrunk","Resenz","Sahnekaramell","Schwarzbier","Tabak","vollmundig","Waldmeister","Wohlgeruch"],"articleSection":["Hausbrauerei"],"inLanguage":"de","potentialAction":[{"@type":"CommentAction","name":"Comment","target":["https:\/\/archiv.familie-meesters.de\/wordpress\/2018\/06\/18\/springbock\/#respond"]}]},{"@type":"WebPage","@id":"https:\/\/archiv.familie-meesters.de\/wordpress\/2018\/06\/18\/springbock\/","url":"https:\/\/archiv.familie-meesters.de\/wordpress\/2018\/06\/18\/springbock\/","name":"Springbock - Archiv Meesters","isPartOf":{"@id":"https:\/\/archiv.familie-meesters.de\/wordpress\/#website"},"datePublished":"2018-06-18T21:59:00+00:00","dateModified":"2024-03-26T19:12:32+00:00","author":{"@id":"https:\/\/archiv.familie-meesters.de\/wordpress\/#\/schema\/person\/86887f89b09f3f3ba39b2753f896b45f"},"description":"Das starke Aroma wird durch einen leichten, s\u00fc\u00dfen Wohlgeruch nach Sahnekaramell und frischen Fr\u00fcchten abgerundet.","breadcrumb":{"@id":"https:\/\/archiv.familie-meesters.de\/wordpress\/2018\/06\/18\/springbock\/#breadcrumb"},"inLanguage":"de","potentialAction":[{"@type":"ReadAction","target":["https:\/\/archiv.familie-meesters.de\/wordpress\/2018\/06\/18\/springbock\/"]}]},{"@type":"BreadcrumbList","@id":"https:\/\/archiv.familie-meesters.de\/wordpress\/2018\/06\/18\/springbock\/#breadcrumb","itemListElement":[{"@type":"ListItem","position":1,"name":"Startseite","item":"https:\/\/archiv.familie-meesters.de\/wordpress\/"},{"@type":"ListItem","position":2,"name":"Springbock"}]},{"@type":"WebSite","@id":"https:\/\/archiv.familie-meesters.de\/wordpress\/#website","url":"https:\/\/archiv.familie-meesters.de\/wordpress\/","name":"Archiv Meesters","description":"Archiv der Familie Meesters","potentialAction":[{"@type":"SearchAction","target":{"@type":"EntryPoint","urlTemplate":"https:\/\/archiv.familie-meesters.de\/wordpress\/?s={search_term_string}"},"query-input":{"@type":"PropertyValueSpecification","valueRequired":true,"valueName":"search_term_string"}}],"inLanguage":"de"},{"@type":"Person","@id":"https:\/\/archiv.familie-meesters.de\/wordpress\/#\/schema\/person\/86887f89b09f3f3ba39b2753f896b45f","name":"Christian Meesters","image":{"@type":"ImageObject","inLanguage":"de","@id":"https:\/\/secure.gravatar.com\/avatar\/a5429fc6f8ac1625a48e019c80ea2e2e2615c600bb78b923d9751c59dcba414f?s=96&d=mm&r=g","url":"https:\/\/secure.gravatar.com\/avatar\/a5429fc6f8ac1625a48e019c80ea2e2e2615c600bb78b923d9751c59dcba414f?s=96&d=mm&r=g","contentUrl":"https:\/\/secure.gravatar.com\/avatar\/a5429fc6f8ac1625a48e019c80ea2e2e2615c600bb78b923d9751c59dcba414f?s=96&d=mm&r=g","caption":"Christian Meesters"},"sameAs":["http:\/\/192.168.0.4\/wordpress"],"url":"https:\/\/archiv.familie-meesters.de\/wordpress\/author\/christian-meesters\/"}]}},"_links":{"self":[{"href":"https:\/\/archiv.familie-meesters.de\/wordpress\/wp-json\/wp\/v2\/posts\/3030","targetHints":{"allow":["GET"]}}],"collection":[{"href":"https:\/\/archiv.familie-meesters.de\/wordpress\/wp-json\/wp\/v2\/posts"}],"about":[{"href":"https:\/\/archiv.familie-meesters.de\/wordpress\/wp-json\/wp\/v2\/types\/post"}],"author":[{"embeddable":true,"href":"https:\/\/archiv.familie-meesters.de\/wordpress\/wp-json\/wp\/v2\/users\/1"}],"replies":[{"embeddable":true,"href":"https:\/\/archiv.familie-meesters.de\/wordpress\/wp-json\/wp\/v2\/comments?post=3030"}],"version-history":[{"count":4,"href":"https:\/\/archiv.familie-meesters.de\/wordpress\/wp-json\/wp\/v2\/posts\/3030\/revisions"}],"predecessor-version":[{"id":3415,"href":"https:\/\/archiv.familie-meesters.de\/wordpress\/wp-json\/wp\/v2\/posts\/3030\/revisions\/3415"}],"wp:attachment":[{"href":"https:\/\/archiv.familie-meesters.de\/wordpress\/wp-json\/wp\/v2\/media?parent=3030"}],"wp:term":[{"taxonomy":"category","embeddable":true,"href":"https:\/\/archiv.familie-meesters.de\/wordpress\/wp-json\/wp\/v2\/categories?post=3030"},{"taxonomy":"post_tag","embeddable":true,"href":"https:\/\/archiv.familie-meesters.de\/wordpress\/wp-json\/wp\/v2\/tags?post=3030"}],"curies":[{"name":"wp","href":"https:\/\/api.w.org\/{rel}","templated":true}]}}